{"id":12771,"date":"2019-10-23T21:41:10","date_gmt":"2019-10-23T17:41:10","guid":{"rendered":"http:\/\/mediazona.az\/?p=12771"},"modified":"2019-10-23T21:41:10","modified_gmt":"2019-10-23T17:41:10","slug":"abs-turkiy%c9%99y%c9%99-qarsi-sanksiyalari-l%c9%99gv-etdi","status":"publish","type":"post","link":"https:\/\/mediazona.az\/?p=12771","title":{"rendered":"AB\u015e T\u00fcrkiy\u0259y\u0259 qar\u015f\u0131 sanksiyalar\u0131 l\u0259\u011fv etdi"},"content":{"rendered":"<p><strong>AB\u015e Prezidenti Donald Tramp A\u011f Evd\u0259 T\u00fcrkiy\u0259nin \u201cS\u00fclh \u00e7e\u015fm\u0259si\u201d \u0259m\u0259liyyat\u0131n\u0131n 120 saatl\u0131q dayand\u0131r\u0131lmas\u0131 il\u0259 ba\u011fl\u0131 anla\u015fma m\u00f6vzusunda a\u00e7\u0131qlamalar verib.<\/strong><\/p>\n<p>Anadolu Agentliyi x\u0259b\u0259r yay\u0131b ki, T\u00fcrkiy\u0259nin Suriyada \u0259m\u0259liyyatlar\u0131 dayand\u0131rd\u0131\u011f\u0131n\u0131 xat\u0131rladan Tramp bu \u00f6lk\u0259y\u0259 oktyabr\u0131n 14-d\u0259 t\u0259tbiq olunan sanksiyalar\u0131n aradan qald\u0131r\u0131lmas\u0131 \u00fc\u00e7\u00fcn Maliyy\u0259 Nazirliyin\u0259 g\u00f6st\u0259ri\u015f verdiyini bildirib. Donald Tramp T\u00fcrkiy\u0259 Prezidenti R\u0259c\u0259b Tayyib \u018frdo\u011fana t\u0259\u015f\u0259kk\u00fcr ed\u0259r\u0259k deyib: \u201cPrezident \u018frdo\u011fanla \u00e7ox yax\u015f\u0131 \u0259laq\u0259miz var. \u00d6lk\u0259sini \u00e7ox sev\u0259n bir liderdir. \u00d6lk\u0259si \u00fc\u00e7\u00fcn do\u011fru olan i\u015fi g\u00f6rd\u00fc. \u00c7ox yax\u0131n zamanda onunla g\u00f6r\u00fc\u015f\u0259c\u0259yik\u201d.<\/p>\n<p>AB\u015e-\u0131n Maliyy\u0259 Nazirliyind\u0259n veril\u0259n yaz\u0131l\u0131 m\u0259lumatda T\u00fcrkiy\u0259y\u0259 \u201cS\u00fclh \u00e7e\u015fm\u0259si\u201d \u0259m\u0259liyyat\u0131 s\u0259b\u0259bind\u0259n t\u0259tbiq edil\u0259n sanksiyalar\u0131n l\u0259\u011fv olundu\u011fu bildirilib. M\u0259lumata g\u00f6r\u0259, Milli M\u00fcdafi\u0259 naziri Hulusi Akar, Enerji v\u0259 T\u0259bii S\u0259rv\u0259tl\u0259r naziri Fatih D\u00f6nm\u0259z v\u0259 Daxili \u0130\u015fl\u0259r naziri S\u00fcleyman Soylu AB\u015e-\u0131n sanksiya siyah\u0131s\u0131ndan \u00e7\u0131xar\u0131l\u0131b.<strong>Media<span style=\"color: #ff0000;\">Zona<\/span>.Az<\/strong><\/p>\n","protected":false},"excerpt":{"rendered":"<p>AB\u015e Prezidenti Donald Tramp A\u011f Evd\u0259 T\u00fcrkiy\u0259nin \u201cS\u00fclh \u00e7e\u015fm\u0259si\u201d \u0259m\u0259liyyat\u0131n\u0131n 120 saatl\u0131q dayand\u0131r\u0131lmas\u0131 il\u0259 ba\u011fl\u0131 anla\u015fma m\u00f6vzusunda a\u00e7\u0131qlamalar verib. Anadolu Agentliyi x\u0259b\u0259r yay\u0131b ki, T\u00fcrkiy\u0259nin Suriyada \u0259m\u0259liyyatlar\u0131 dayand\u0131rd\u0131\u011f\u0131n\u0131 xat\u0131rladan Tramp&hellip;<\/p>\n","protected":false},"author":2,"featured_media":12772,"comment_status":"open","ping_status":"open","sticky":false,"template":"","format":"standard","meta":{"footnotes":""},"categories":[6,24,1],"tags":[],"class_list":["post-12771","post","type-post","status-publish","format-standard","has-post-thumbnail","hentry","category-dunya","category-manset","category-xbr-xtti"],"_links":{"self":[{"href":"https:\/\/mediazona.az\/index.php?rest_route=\/wp\/v2\/posts\/12771","targetHints":{"allow":["GET"]}}],"collection":[{"href":"https:\/\/mediazona.az\/index.php?rest_route=\/wp\/v2\/posts"}],"about":[{"href":"https:\/\/mediazona.az\/index.php?rest_route=\/wp\/v2\/types\/post"}],"author":[{"embeddable":true,"href":"https:\/\/mediazona.az\/index.php?rest_route=\/wp\/v2\/users\/2"}],"replies":[{"embeddable":true,"href":"https:\/\/mediazona.az\/index.php?rest_route=%2Fwp%2Fv2%2Fcomments&post=12771"}],"version-history":[{"count":1,"href":"https:\/\/mediazona.az\/index.php?rest_route=\/wp\/v2\/posts\/12771\/revisions"}],"predecessor-version":[{"id":12773,"href":"https:\/\/mediazona.az\/index.php?rest_route=\/wp\/v2\/posts\/12771\/revisions\/12773"}],"wp:featuredmedia":[{"embeddable":true,"href":"https:\/\/mediazona.az\/index.php?rest_route=\/wp\/v2\/media\/12772"}],"wp:attachment":[{"href":"https:\/\/mediazona.az\/index.php?rest_route=%2Fwp%2Fv2%2Fmedia&parent=12771"}],"wp:term":[{"taxonomy":"category","embeddable":true,"href":"https:\/\/mediazona.az\/index.php?rest_route=%2Fwp%2Fv2%2Fcategories&post=12771"},{"taxonomy":"post_tag","embeddable":true,"href":"https:\/\/mediazona.az\/index.php?rest_route=%2Fwp%2Fv2%2Ftags&post=12771"}],"curies":[{"name":"wp","href":"https:\/\/api.w.org\/{rel}","templated":true}]}}