{"id":12765,"date":"2019-10-23T21:10:29","date_gmt":"2019-10-23T17:10:29","guid":{"rendered":"http:\/\/mediazona.az\/?p=12765"},"modified":"2019-10-23T21:10:29","modified_gmt":"2019-10-23T17:10:29","slug":"prezident-ilham-%c9%99liyev-kadr-islahatlari-labuddur-bu-qacilmazdir","status":"publish","type":"post","link":"https:\/\/mediazona.az\/?p=12765","title":{"rendered":"Prezident \u0130lham \u018fliyev: &#8220;Kadr islahatlar\u0131 lab\u00fcdd\u00fcr, bu, qa\u00e7\u0131lmazd\u0131r&#8221;"},"content":{"rendered":"<p>Kadr islahatlar\u0131 lab\u00fcdd\u00fcr, bu, qa\u00e7\u0131lmazd\u0131r.<\/p>\n<p>Bunu Prezident \u0130lham \u018fliyev oktyabr\u0131n 23-d\u0259 Mikay\u0131l Cabbarovu yeni v\u0259zif\u0259y\u0259 &#8211; \u0130qtisadiyyat naziri t\u0259yin olunmas\u0131 il\u0259 \u0259laq\u0259dar q\u0259bul ed\u0259rk\u0259n deyib.<\/p>\n<p>D\u00f6vl\u0259t ba\u015f\u00e7\u0131s\u0131 deyib: &#8220;\u0130slahatlara alternativ yoxdur. M\u0259n yeni iqtisadi model haqq\u0131nda \u00f6z andi\u00e7m\u0259 m\u0259rasimimd\u0259 fikirl\u0259rimi ifad\u0259 etmi\u015f\u0259m. \u018fsas konturlar o vaxt m\u00fc\u0259yy\u0259n olunub. Ondan sonra apar\u0131lan islahatlar, o c\u00fcml\u0259d\u0259n kadr islahatlar\u0131 bu m\u0259qs\u0259di g\u00fcd\u00fcr. Kadr islahatlar\u0131 lab\u00fcdd\u00fcr, bu, qa\u00e7\u0131lmazd\u0131r. \u00c7\u00fcnki m\u0259n bunu demi\u015f\u0259m, biz XXI \u0259srd\u0259 k\u00f6hn\u0259 t\u0259f\u0259kk\u00fcrl\u0259 u\u011furlara imza ata bilm\u0259rik. \u018flb\u0259tt\u0259, yeni, savadl\u0131, bilikli, m\u00fcasir kadrlar, ilk n\u00f6vb\u0259d\u0259, V\u0259t\u0259n\u0259 ba\u011fl\u0131 olmal\u0131d\u0131rlar, h\u0259r hans\u0131 bir xarici t\u0259sird\u0259n azad olmal\u0131d\u0131rlar v\u0259 v\u0259t\u0259np\u0259rv\u0259r olmal\u0131d\u0131rlar ki, V\u0259t\u0259nin inki\u015faf\u0131 \u00fc\u00e7\u00fcn \u00f6z s\u0259yl\u0259rini g\u00f6st\u0259r\u0259 bilsinl\u0259r.<\/p>\n<p>\u018fsas v\u0259zif\u0259l\u0259r bundan ibar\u0259tdir. Dey\u0259 bil\u0259r\u0259m ki, islahatlar yax\u015f\u0131 n\u0259tic\u0259l\u0259r verir. Bu ilin doqquz ay\u0131nda 100 mind\u0259n \u00e7ox \u0259m\u0259k m\u00fcqavil\u0259si qeydiyyata al\u0131nd\u0131. Y\u0259ni, bu, n\u0259 dem\u0259kdir? Y\u0259ni, bu y\u00fcz min insan k\u00f6lg\u0259 iqtisadiyyat\u0131nda f\u0259aliyy\u0259t g\u00f6st\u0259rirdi. Onlar z\u0259rfl\u0259rd\u0259 maa\u015f al\u0131rd\u0131lar. B\u0259zi hallarda onlara yaz\u0131lan a\u015fa\u011f\u0131 maa\u015f reall\u0131\u011f\u0131 \u0259ks etdirmirdi. Bu, bizim iqtisadiyyat\u0131m\u0131z\u0131 t\u0259hl\u00fck\u0259 alt\u0131na qoyur. Bir d\u0259 ki, bu insanlar g\u0259l\u0259c\u0259kd\u0259 pensiyaya \u00e7\u0131xacaqlar. B\u0259s onlar\u0131n pensiya haqq\u0131 n\u0259yin hesab\u0131na hesablanacaq? Ona g\u00f6r\u0259 m\u0259n, o c\u00fcml\u0259d\u0259n muzdla i\u015fl\u0259y\u0259n v\u0259t\u0259nda\u015flara da \u00fcz tutub deyir\u0259m: bu i\u015fl\u0259r\u0259 ba\u015f qo\u015fmay\u0131n. \u018fg\u0259r hans\u0131sa sahibkar siz\u0259 tutaq ki, 500 manat maa\u015f verirs\u0259 v\u0259 onun 250 manat\u0131n\u0131 r\u0259smi qaydada verirs\u0259, siz buna raz\u0131 olmay\u0131n. \u00c7\u00fcnki sabah pensiya almayacaqs\u0131n\u0131z. Sosial s\u0131\u011forta problemi olacaq. Biz indi icbari tibbi s\u0131\u011fortaya ke\u00e7irik. Orada da problem yaranacaq. \u018flb\u0259tt\u0259 ki, burada n\u0259zar\u0259t daha g\u00fccl\u00fc olmal\u0131d\u0131r. Hesab edir\u0259m ki, 100 mind\u0259n \u00e7ox i\u015f yerinin r\u0259smil\u0259\u015fdirilm\u0259si il\u0259 bu i\u015f yerl\u0259rini, o c\u00fcml\u0259d\u0259n o sahibkarlar\u0131n f\u0259aliyy\u0259tini biz k\u00f6lg\u0259d\u0259n \u00e7\u0131xar\u0131r\u0131q. Bu i\u015f yerl\u0259rinin 80 faizi qeyri-neft sektorunda qeydiyyata al\u0131n\u0131b. H\u0259l\u0259 ki, \u0259n az\u0131 on minl\u0259rl\u0259 insan indi dem\u0259k olar ki, bir n\u00f6v k\u00f6lg\u0259 iqtisadiyyat\u0131nda f\u0259aliyy\u0259t g\u00f6st\u0259rir.<\/p>\n<div class=\"AdviadNativeVideo\">Ona g\u00f6r\u0259 bu sah\u0259 \u00e7ox ciddi diqq\u0259t t\u0259l\u0259b edir, \u00e7ox ciddi add\u0131mlar at\u0131lmal\u0131d\u0131r. \u018fmin\u0259m ki, \u0130qtisadiyyat Nazirliyi bu m\u0259s\u0259l\u0259nin \u00f6hd\u0259sind\u0259n g\u0259l\u0259c\u0259k&#8221;.<strong>Media<span style=\"color: #ff0000;\">Zona<\/span>.Az<\/strong><\/div>\n","protected":false},"excerpt":{"rendered":"<p>Kadr islahatlar\u0131 lab\u00fcdd\u00fcr, bu, qa\u00e7\u0131lmazd\u0131r. Bunu Prezident \u0130lham \u018fliyev oktyabr\u0131n 23-d\u0259 Mikay\u0131l Cabbarovu yeni v\u0259zif\u0259y\u0259 &#8211; \u0130qtisadiyyat naziri t\u0259yin olunmas\u0131 il\u0259 \u0259laq\u0259dar q\u0259bul ed\u0259rk\u0259n deyib. D\u00f6vl\u0259t ba\u015f\u00e7\u0131s\u0131 deyib: &#8220;\u0130slahatlara alternativ&hellip;<\/p>\n","protected":false},"author":2,"featured_media":12766,"comment_status":"open","ping_status":"open","sticky":false,"template":"","format":"standard","meta":{"footnotes":""},"categories":[25,24,1],"tags":[],"class_list":["post-12765","post","type-post","status-publish","format-standard","has-post-thumbnail","hentry","category-gundm","category-manset","category-xbr-xtti"],"_links":{"self":[{"href":"https:\/\/mediazona.az\/index.php?rest_route=\/wp\/v2\/posts\/12765","targetHints":{"allow":["GET"]}}],"collection":[{"href":"https:\/\/mediazona.az\/index.php?rest_route=\/wp\/v2\/posts"}],"about":[{"href":"https:\/\/mediazona.az\/index.php?rest_route=\/wp\/v2\/types\/post"}],"author":[{"embeddable":true,"href":"https:\/\/mediazona.az\/index.php?rest_route=\/wp\/v2\/users\/2"}],"replies":[{"embeddable":true,"href":"https:\/\/mediazona.az\/index.php?rest_route=%2Fwp%2Fv2%2Fcomments&post=12765"}],"version-history":[{"count":1,"href":"https:\/\/mediazona.az\/index.php?rest_route=\/wp\/v2\/posts\/12765\/revisions"}],"predecessor-version":[{"id":12767,"href":"https:\/\/mediazona.az\/index.php?rest_route=\/wp\/v2\/posts\/12765\/revisions\/12767"}],"wp:featuredmedia":[{"embeddable":true,"href":"https:\/\/mediazona.az\/index.php?rest_route=\/wp\/v2\/media\/12766"}],"wp:attachment":[{"href":"https:\/\/mediazona.az\/index.php?rest_route=%2Fwp%2Fv2%2Fmedia&parent=12765"}],"wp:term":[{"taxonomy":"category","embeddable":true,"href":"https:\/\/mediazona.az\/index.php?rest_route=%2Fwp%2Fv2%2Fcategories&post=12765"},{"taxonomy":"post_tag","embeddable":true,"href":"https:\/\/mediazona.az\/index.php?rest_route=%2Fwp%2Fv2%2Ftags&post=12765"}],"curies":[{"name":"wp","href":"https:\/\/api.w.org\/{rel}","templated":true}]}}