{"id":12762,"date":"2019-10-23T21:07:43","date_gmt":"2019-10-23T17:07:43","guid":{"rendered":"http:\/\/mediazona.az\/?p=12762"},"modified":"2019-10-23T21:07:43","modified_gmt":"2019-10-23T17:07:43","slug":"mikayil-cabbarovdan-prezident%c9%99-soz-verir%c9%99m-ki","status":"publish","type":"post","link":"https:\/\/mediazona.az\/?p=12762","title":{"rendered":"Mikay\u0131l Cabbarovdan prezident\u0259: &#8220;S\u00f6z verir\u0259m ki&#8230;"},"content":{"rendered":"<p><strong>&#8220;M\u00f6ht\u0259r\u0259m c\u0259nab Prezident, Siz\u0259 d\u0259rin t\u0259\u015f\u0259kk\u00fcr\u00fcm\u00fc bildirir\u0259m. \u0130lk n\u00f6vb\u0259d\u0259, g\u00f6st\u0259rdiyiniz etimada g\u00f6r\u0259 t\u0259\u015f\u0259kk\u00fcr edir\u0259m. M\u0259suliyy\u0259timi tam \u015f\u0259kild\u0259 d\u0259rk edir\u0259m. Sizin r\u0259hb\u0259rliyinizl\u0259 indiy\u0259 q\u0259d\u0259r g\u00f6rd\u00fcy\u00fcm\u00fcz i\u015fl\u0259rd\u0259 \u0259ld\u0259 etdiyimiz nailiyy\u0259tl\u0259r Sizin d\u0259st\u0259yinizin, h\u0259mkarlar\u0131m\u0131n g\u0259rgin i\u015finin n\u0259tic\u0259sidir. Olan \u00e7at\u0131\u015fmazl\u0131qlar is\u0259 m\u0259nim \u00fcz\u0259rim\u0259 d\u00fc\u015f\u0259n m\u0259suliyy\u0259tdir&#8221;.<\/strong><\/p>\n<p>Bunu Az\u0259rbaycan Respublikas\u0131n\u0131n Prezidenti \u0130lham \u018fliyevin q\u0259bulunda olark\u0259n yeni \u0130qtisadiyyat naziri Mikay\u0131l Cabbarov deyib.<\/p>\n<p>&#8220;F\u0259aliyy\u0259timiz\u0259 verdiyiniz qiym\u0259t m\u0259nim \u00fc\u00e7\u00fcn \u0259n b\u00f6y\u00fck \u015f\u0259r\u0259fdir. Sizin r\u0259hb\u0259rliyinizl\u0259, h\u0259mkar nazirlik v\u0259 d\u00f6vl\u0259t t\u0259sisatlar\u0131m\u0131zla birlikd\u0259 biz \u00f6lk\u0259mizin dayan\u0131ql\u0131 v\u0259 davaml\u0131 inki\u015faf\u0131n\u0131n, iqtisadi inki\u015faf\u0131n\u0131n t\u0259min edilm\u0259si \u00fc\u00e7\u00fcn Sizin tap\u015f\u0131rd\u0131\u011f\u0131n\u0131z prinsipl\u0259r \u0259sas g\u00f6t\u00fcr\u00fclm\u0259kl\u0259 f\u0259aliyy\u0259t g\u00f6st\u0259r\u0259c\u0259yik. S\u00f6z verir\u0259m ki, bu m\u0259qs\u0259dl\u0259r \u00fc\u00e7\u00fcn s\u0259yl\u0259rimi \u0259sirg\u0259m\u0259y\u0259c\u0259y\u0259m.<\/p>\n<div class=\"AdviadNativeVideo\">\u0130qtisadiyyat\u0131m\u0131z\u0131n r\u0259qab\u0259tliliyini daim art\u0131rma\u011f\u0131, iqtisadi m\u00fcst\u0259qilliyimizi daim m\u00f6hk\u0259ml\u0259ndirm\u0259yi, iqtisadiyyat\u0131 inki\u015faf etdirm\u0259yi \u0259sas v\u0259zif\u0259m kimi q\u0259bul edir\u0259m. \u0130nan\u0131ram ki, iqtisadiyyat\u0131 inki\u015faf etdirm\u0259k d\u00f6vl\u0259t v\u0259 v\u0259t\u0259nda\u015flar\u0131n g\u0259lirl\u0259rinin v\u0259 imkanlar\u0131n\u0131n art\u0131r\u0131lmas\u0131n\u0131n yegan\u0259 yoludur. Sizin kimi siyasi liderin, m\u00f6ht\u0259r\u0259m c\u0259nab Prezident, h\u00f6kum\u0259tind\u0259 yer tutmaq m\u0259nim \u00fc\u00e7\u00fcn \u0259n b\u00f6y\u00fck \u015f\u0259r\u0259fdir. Bir daha y\u00fcks\u0259k etimad\u0131n\u0131za g\u00f6r\u0259 Siz\u0259 d\u0259rin t\u0259\u015f\u0259kk\u00fcr\u00fcm\u00fc bildirm\u0259k ist\u0259yir\u0259m&#8221;, &#8211; dey\u0259, \u0130qtisadiyyat naziri vur\u011fulay\u0131b.<strong>Media<span style=\"color: #ff0000;\">Zona<\/span>.Az<\/strong><\/div>\n","protected":false},"excerpt":{"rendered":"<p>&#8220;M\u00f6ht\u0259r\u0259m c\u0259nab Prezident, Siz\u0259 d\u0259rin t\u0259\u015f\u0259kk\u00fcr\u00fcm\u00fc bildirir\u0259m. \u0130lk n\u00f6vb\u0259d\u0259, g\u00f6st\u0259rdiyiniz etimada g\u00f6r\u0259 t\u0259\u015f\u0259kk\u00fcr edir\u0259m. M\u0259suliyy\u0259timi tam \u015f\u0259kild\u0259 d\u0259rk edir\u0259m. Sizin r\u0259hb\u0259rliyinizl\u0259 indiy\u0259 q\u0259d\u0259r g\u00f6rd\u00fcy\u00fcm\u00fcz i\u015fl\u0259rd\u0259 \u0259ld\u0259 etdiyimiz nailiyy\u0259tl\u0259r Sizin d\u0259st\u0259yinizin,&hellip;<\/p>\n","protected":false},"author":2,"featured_media":12763,"comment_status":"open","ping_status":"open","sticky":false,"template":"","format":"standard","meta":{"footnotes":""},"categories":[25,24,1],"tags":[],"class_list":["post-12762","post","type-post","status-publish","format-standard","has-post-thumbnail","hentry","category-gundm","category-manset","category-xbr-xtti"],"_links":{"self":[{"href":"https:\/\/mediazona.az\/index.php?rest_route=\/wp\/v2\/posts\/12762","targetHints":{"allow":["GET"]}}],"collection":[{"href":"https:\/\/mediazona.az\/index.php?rest_route=\/wp\/v2\/posts"}],"about":[{"href":"https:\/\/mediazona.az\/index.php?rest_route=\/wp\/v2\/types\/post"}],"author":[{"embeddable":true,"href":"https:\/\/mediazona.az\/index.php?rest_route=\/wp\/v2\/users\/2"}],"replies":[{"embeddable":true,"href":"https:\/\/mediazona.az\/index.php?rest_route=%2Fwp%2Fv2%2Fcomments&post=12762"}],"version-history":[{"count":1,"href":"https:\/\/mediazona.az\/index.php?rest_route=\/wp\/v2\/posts\/12762\/revisions"}],"predecessor-version":[{"id":12764,"href":"https:\/\/mediazona.az\/index.php?rest_route=\/wp\/v2\/posts\/12762\/revisions\/12764"}],"wp:featuredmedia":[{"embeddable":true,"href":"https:\/\/mediazona.az\/index.php?rest_route=\/wp\/v2\/media\/12763"}],"wp:attachment":[{"href":"https:\/\/mediazona.az\/index.php?rest_route=%2Fwp%2Fv2%2Fmedia&parent=12762"}],"wp:term":[{"taxonomy":"category","embeddable":true,"href":"https:\/\/mediazona.az\/index.php?rest_route=%2Fwp%2Fv2%2Fcategories&post=12762"},{"taxonomy":"post_tag","embeddable":true,"href":"https:\/\/mediazona.az\/index.php?rest_route=%2Fwp%2Fv2%2Ftags&post=12762"}],"curies":[{"name":"wp","href":"https:\/\/api.w.org\/{rel}","templated":true}]}}