{"id":12759,"date":"2019-10-23T21:05:29","date_gmt":"2019-10-23T17:05:29","guid":{"rendered":"http:\/\/mediazona.az\/?p=12759"},"modified":"2019-10-23T21:05:29","modified_gmt":"2019-10-23T17:05:29","slug":"ilham-%c9%99liyev-mikayil-cabbarovun-qarsisinda-yeni-t%c9%99l%c9%99b-qoydu-%c9%99sas-prioritetimizdir","status":"publish","type":"post","link":"https:\/\/mediazona.az\/?p=12759","title":{"rendered":"\u0130lham \u018fliyev Mikay\u0131l Cabbarovun qar\u015f\u0131s\u0131nda YEN\u0130 T\u018fL\u018fB QOYDU: \u018fsas prioritetimizdir"},"content":{"rendered":"<p><strong>Az\u0259rbaycan Respublikas\u0131n\u0131n Prezidenti \u0130lham \u018fliyev oktyabr\u0131n 23-d\u0259 Mikay\u0131l Cabbarovu yeni v\u0259zif\u0259y\u0259 &#8211; \u0130qtisadiyyat naziri t\u0259yin olunmas\u0131 il\u0259 \u0259laq\u0259dar q\u0259bul edib.<\/strong><\/p>\n<p>Prezident\u00a0<strong>\u0130lham \u018fliyev<\/strong>\u00a0dedi:<\/p>\n<p>-M\u0259n q\u0259rara g\u0259ldim ki, sizi \u0130qtisadiyyat naziri v\u0259zif\u0259sin\u0259 t\u0259yin edim. Siz m\u00fcxt\u0259lif v\u0259zif\u0259l\u0259rd\u0259, o c\u00fcml\u0259d\u0259n \u0130qtisadiyyat Nazirliyind\u0259 nazir m\u00fcavini v\u0259zif\u0259sind\u0259 \u00e7al\u0131\u015fm\u0131s\u0131n\u0131z, T\u0259hsil naziri, Vergil\u0259r naziri kimi f\u0259aliyy\u0259t g\u00f6st\u0259rmisiniz. X\u00fcsusil\u0259 sizin Vergil\u0259r naziri kimi f\u0259aliyy\u0259tinizi qeyd etm\u0259liy\u0259m. Apar\u0131lan islahatlar n\u0259tic\u0259sind\u0259 vergil\u0259r sistemind\u0259 \u015f\u0259ffafl\u0131q t\u0259min edilir, biznes dair\u0259l\u0259ri \u00fc\u00e7\u00fcn vahid qaydalar t\u0259tbiq olunur.<\/p>\n<p>Az\u0259rbaycanda sahibkarl\u0131\u011f\u0131n inki\u015faf\u0131 \u00fc\u00e7\u00fcn vergil\u0259r stimulverici rol oynay\u0131r v\u0259 n\u0259tic\u0259l\u0259r d\u0259 g\u00f6z qaba\u011f\u0131ndad\u0131r. Bu il Vergil\u0259r Nazirliyi plandan \u0259lav\u0259 t\u0259qrib\u0259n 350 milyon manatdan \u00e7ox v\u0259sait toplay\u0131b v\u0259 \u0259lb\u0259tt\u0259 ki, bu, \u015f\u0259ffafl\u0131\u011f\u0131n t\u0259zah\u00fcr\u00fcd\u00fcr. T\u0259bii ki, bu v\u0259sait biz\u0259 bu il \u00e7ox geni\u015f v\u0259 ciddi sosial paket icra etm\u0259k imkan\u0131 verdi. Dey\u0259 bil\u0259r\u0259m ki, bu sosial t\u0259\u015f\u0259bb\u00fcs\u00fcn analoqu bu g\u00fcn\u0259 q\u0259d\u0259r olmam\u0131\u015fd\u0131r. D\u00f6rd milyon iki y\u00fcz min insan bu sosial t\u0259\u015f\u0259bb\u00fcsd\u0259n faydalan\u0131b, minimum \u0259m\u0259khaqq\u0131 t\u0259xmin\u0259n iki d\u0259f\u0259, minimum pensiya 70 faizd\u0259n \u00e7ox art\u0131r\u0131l\u0131b. Minimum pensiyan\u0131n al\u0131c\u0131l\u0131q qabiliyy\u0259tin\u0259 g\u00f6r\u0259 biz MDB m\u0259kan\u0131nda birinci yerd\u0259yik, amma orta pensiyan\u0131n s\u0259viyy\u0259sin\u0259 g\u00f6r\u0259 \u00fc\u00e7\u00fcnc\u00fc yerd\u0259yik. Y\u0259ni, bu, do\u011frudan da \u00e7ox b\u00f6y\u00fck sosial t\u0259\u015f\u0259bb\u00fcsd\u00fcr. \u018flb\u0259tt\u0259, \u0259g\u0259r bizim maliyy\u0259 imkanlar\u0131m\u0131z olmasayd\u0131, biz bunu ed\u0259 bilm\u0259zdik.<\/p>\n<p>B\u00fct\u00fcn bunlar\u0131 n\u0259z\u0259r\u0259 alaraq, m\u0259n sizi \u0130qtisadiyyat naziri v\u0259zif\u0259sin\u0259 t\u0259yin edir\u0259m. Bu, \u00e7ox m\u0259suliyy\u0259tli v\u0259zif\u0259dir. \u018flb\u0259tt\u0259, Az\u0259rbaycan iqtisadiyyat\u0131n\u0131n bundan sonra qeyri-neft sektoru hesab\u0131na inki\u015faf\u0131 bizim \u0259sas prioritetimizdir.<\/p>\n<p>H\u0259l\u0259 ulu \u00f6nd\u0259r Heyd\u0259r \u018fliyev vaxtil\u0259 demi\u015fdir ki, iqtisadiyyat\u0131 g\u00fccl\u00fc olan \u00f6lk\u0259 h\u0259r \u015fey\u0259 qadirdir. Bu, tam h\u0259qiq\u0259tdir v\u0259 bu g\u00fcn bizim siyasi m\u00fcst\u0259qilliyimizin t\u0259m\u0259lind\u0259 iqtisadi m\u00fcst\u0259qillik dayan\u0131r. M\u0259n bunu \u00f6z \u00e7\u0131x\u0131\u015flar\u0131mda d\u0259f\u0259l\u0259rl\u0259 demi\u015f\u0259m. \u018fg\u0259r bizim iqtisadiyyat\u0131m\u0131z k\u0259nar dair\u0259l\u0259rd\u0259n as\u0131l\u0131 olsayd\u0131, biz u\u011furlu siyasi kurs icra ed\u0259 bilm\u0259zdik. Bizim siyasi m\u00fcst\u0259qilliyimizin, o c\u00fcml\u0259d\u0259n xarici siyas\u0259td\u0259 apard\u0131\u011f\u0131m\u0131z prinsipial m\u00f6vqeyin \u0259sas baza prinsipi iqtisadi m\u00fcst\u0259qilliyimizdir. M\u0259n Prezident kimi ilk ill\u0259rd\u0259n iqtisadi m\u00fcst\u0259qilliy\u0259 nail olmaq \u00fc\u00e7\u00fcn \u00e7al\u0131\u015fm\u0131\u015fam, m\u00fcvafiq g\u00f6st\u0259ri\u015fl\u0259r vermi\u015f\u0259m. Bu g\u00fcn Az\u0259rbaycan iqtisadi bax\u0131mdan, o c\u00fcml\u0259d\u0259n siyasi bax\u0131mdan he\u00e7 kimd\u0259n, he\u00e7 bir \u00f6lk\u0259d\u0259n as\u0131l\u0131 deyil, prinsipial m\u00fcst\u0259qil siyas\u0259t apar\u0131r, o siyas\u0259t ki, Az\u0259rbaycan xalq\u0131n\u0131n maraqlar\u0131n\u0131 t\u0259min edir. Az\u0259rbaycan xalq\u0131n\u0131n maraqlar\u0131n\u0131, d\u00f6vl\u0259t maraqlar\u0131n\u0131 b\u00fct\u00fcn beyn\u0259lxalq tribunalardan m\u00fcdafi\u0259 etm\u0259k \u00fc\u00e7\u00fcn \u0259lb\u0259tt\u0259 ki, bizim iqtisadi imkan\u0131m\u0131z olmal\u0131d\u0131r.<\/p>\n<p>Biz indi d\u00fcnyada ged\u0259n prosesl\u0259r\u0259 diqq\u0259tl\u0259 bax\u0131r\u0131q v\u0259 g\u00f6r\u00fcr\u00fck ki, hans\u0131 \u00f6lk\u0259l\u0259r iqtisadi c\u0259h\u0259td\u0259n ba\u015fqa \u00f6lk\u0259l\u0259rd\u0259n, yaxud da beyn\u0259lxalq maliyy\u0259 qurumlar\u0131ndan as\u0131l\u0131d\u0131rsa, o \u00f6lk\u0259l\u0259r m\u00fcst\u0259qil siyas\u0259t apara bilm\u0259z, o \u00f6lk\u0259l\u0259r bir n\u00f6v b\u00f6y\u00fck \u00f6lk\u0259l\u0259rin girovuna, al\u0259tin\u0259 \u00e7evrilir. O \u00f6lk\u0259l\u0259rin h\u00f6kum\u0259tl\u0259rini b\u0259zi hallarda \u00f6z xalq\u0131na, \u00f6z milli maraqlar\u0131na g\u00f6r\u0259 istifad\u0259 etm\u0259k \u00fc\u00e7\u00fcn onlara t\u0259zyiq edilir v\u0259 onlar bu t\u0259zyiq\u0259 davam g\u0259tir\u0259 bilmir. Biz\u0259 d\u0259 t\u0259zyiq g\u00f6st\u0259rilir v\u0259 m\u0259nim Prezident kimi f\u0259aliyy\u0259timin b\u00fct\u00fcn d\u00f6vrl\u0259rind\u0259 g\u00f6st\u0259ril\u0259n t\u0259zyiql\u0259 \u00fczl\u0259\u015fmi\u015fik. Ancaq buna davam g\u0259tir\u0259 bilmi\u015fik, m\u00fcqavim\u0259t g\u00f6st\u0259rmi\u015fik, \u00f6z s\u00f6z\u00fcm\u00fcz\u00fc demi\u015fik v\u0259 he\u00e7 bir t\u0259zyiq, he\u00e7 bir h\u0259d\u0259-qorxu, he\u00e7 bir t\u0259hdid bizim siyas\u0259timiz\u0259 t\u0259sir ed\u0259 bilm\u0259z. N\u0259 \u00fc\u00e7\u00fcn? \u0130lk n\u00f6vb\u0259d\u0259, biz xalq\u0131n d\u0259st\u0259yin\u0259 arxalan\u0131r\u0131q. Son m\u00fcdd\u0259t \u0259rzind\u0259 ke\u00e7iril\u0259n r\u0259y sor\u011fular\u0131 g\u00f6st\u0259rir ki, bizim h\u00f6kum\u0259timiz\u0259 ictimai d\u0259st\u0259k n\u0259 q\u0259d\u0259r y\u00fcks\u0259kdir. O c\u00fcml\u0259d\u0259n Davos \u00dcmumd\u00fcnya \u0130qtisadi Forumunun son hesabat\u0131nda, &#8211; m\u0259n bunu s\u0259sl\u0259ndirdim, &#8211; hakimiyy\u0259t\u0259 olan inam bax\u0131m\u0131ndan biz d\u00fcnya miqyas\u0131nda \u00f6n s\u0131ralarday\u0131q. Ona g\u00f6r\u0259 iqtisadi m\u00fcst\u0259qillik bizim \u00fc\u00e7\u00fcn \u0259sas v\u0259zif\u0259 olaraq qal\u0131r. Buna nail olmaq \u00fc\u00e7\u00fcn biz g\u0259l\u0259c\u0259k ill\u0259rd\u0259 \u00e7ox b\u00f6y\u00fck s\u0259yl\u0259r g\u00f6st\u0259rm\u0259liyik.<\/p>\n<p>Bizim iqtisadiyyat\u0131m\u0131z\u0131n \u0259sas hiss\u0259sini neft-qaz sektoru t\u0259\u015fkil edir. Bu, t\u0259biidir. Bu, dem\u0259k olar ki, neft-qazla z\u0259ngin olan b\u00fct\u00fcn \u00f6lk\u0259l\u0259rd\u0259 m\u00fc\u015fahid\u0259 edil\u0259n m\u0259nz\u0259r\u0259dir v\u0259 bu, faktd\u0131r. B\u0259zi hallarda bunu m\u0259nfi amil kimi yozurlar. M\u0259n bunu m\u0259nfi amil kimi q\u0259bul ed\u0259 bilm\u0259r\u0259m, \u00e7\u00fcnki m\u0259hz neft-qaz sektorunun inki\u015faf\u0131 hesab\u0131na biz b\u00f6y\u00fck infrastruktur layih\u0259l\u0259ri icra etmi\u015fik, neft-qaz sektorunun g\u0259lirl\u0259ri hesab\u0131na biz 300 mind\u0259n \u00e7ox k\u00f6\u00e7k\u00fcn\u00fc yerl\u0259\u015fdirmi\u015fik, biz ordumuzu g\u00fccl\u0259ndirmi\u015fik, biz b\u00f6y\u00fck sosial layih\u0259l\u0259ri icra etmi\u015fik. \u018fg\u0259r bizd\u0259 neft-qaz sektoru olmasayd\u0131, yaxud da ki, bu sektoru inki\u015faf etdirm\u0259s\u0259ydik, biz n\u0259yin hesab\u0131na inki\u015faf ed\u0259c\u0259kdik? Guya kims\u0259 biz\u0259 g\u0259lib arxa m\u0131 duracaqd\u0131? Hans\u0131sa \u00f6lk\u0259, yaxud da ki, beyn\u0259lxalq maliyy\u0259 qurumu biz\u0259 k\u00f6m\u0259k mi g\u00f6st\u0259r\u0259c\u0259kdi?<\/p>\n<p>Biz o ill\u0259ri yax\u015f\u0131 xat\u0131rlay\u0131r\u0131q, m\u0259n yax\u015f\u0131 xat\u0131rlay\u0131ram. 1990-c\u0131 ill\u0259rd\u0259 bizim pulumuz yox idi v\u0259 biz beyn\u0259lxalq maliyy\u0259 qurumlar\u0131ndan, b\u00f6y\u00fck d\u00f6vl\u0259tl\u0259rd\u0259n bir n\u00f6v as\u0131l\u0131 idik. Onlar da b\u0259zi hallarda biz\u0259 dikt\u0259 etm\u0259y\u0259 \u00e7al\u0131\u015f\u0131rd\u0131lar. Ona g\u00f6r\u0259 iqtisadi m\u00fcst\u0259qillik m\u0259nim siyas\u0259timin ana x\u0259ttini t\u0259\u015fkil edir. Bu, biz\u0259 g\u00fcc verir, inam verir, xalq\u0131m\u0131z t\u0259hl\u00fck\u0259sizlik \u015f\u0259raitind\u0259 ya\u015fay\u0131r v\u0259 biz \u00f6lk\u0259 \u00fc\u00e7\u00fcn vacib olan b\u00fct\u00fcn layih\u0259l\u0259ri icra edirik.<\/p>\n<p>\u0130ndiki d\u00f6vr\u00fc m\u0259n \u015f\u0259rti olaraq postneft d\u00f6vr\u00fc adland\u0131rard\u0131m. Ona g\u00f6r\u0259 yox ki, bizim neftimiz t\u00fck\u0259nir, \u0259ksin\u0259, bizim ehtiyatlar\u0131m\u0131z kifay\u0259t q\u0259d\u0259r y\u00fcks\u0259kdir, o c\u00fcml\u0259d\u0259n qaz ehtiyatlar\u0131m\u0131z 2,6 trilyon kubmetr\u0259 b\u0259rab\u0259rdir. Yeni kontraktlar imzalan\u0131b, k\u0259\u015ffiyyat i\u015fl\u0259ri apar\u0131l\u0131r v\u0259 neft-qaz sektorumuz bundan sonra da \u00f6lk\u0259mizin h\u0259yat\u0131nda \u00f6n\u0259mli rol oynayacaq. Ona g\u00f6r\u0259 m\u0259n indiki d\u00f6vr\u00fc postneft-qaz d\u00f6vr\u00fc adland\u0131r\u0131ram ki, bizim siyas\u0259timizd\u0259 bu sah\u0259 k\u0259nara qoyulmal\u0131d\u0131r. Bu sah\u0259d\u0259 n\u0259 laz\u0131m idis\u0259 g\u00f6rd\u00fck, h\u0259m Bak\u0131-Tbilisi-Ceyhan neft, h\u0259m Bak\u0131-Tbilisi-\u018frzurum qaz k\u0259m\u0259rl\u0259ri, C\u0259nub Qaz D\u0259hlizi tarixi layih\u0259l\u0259rdir. Bunlar\u0131 biz g\u00f6rm\u00fc\u015f\u00fck. \u0130ndi bu layih\u0259l\u0259rin faydas\u0131n\u0131 biz v\u0259 g\u0259l\u0259c\u0259k n\u0259sill\u0259r g\u00f6r\u0259c\u0259kl\u0259r. Ancaq biz iqtisadi inki\u015faf\u0131m\u0131z\u0131 qeyri-neft sektoru \u00fcz\u0259rind\u0259 qurmal\u0131y\u0131q v\u0259 burada \u0259lb\u0259tt\u0259 ki, apar\u0131c\u0131 rol \u0130qtisadiyyat Nazirliyinin \u00fcz\u0259rin\u0259 d\u00fc\u015f\u00fcr. \u018fmin\u0259m ki, \u0130qtisadiyyat naziri kimi siz bu tap\u015f\u0131r\u0131qlar\u0131 yerin\u0259 yetir\u0259c\u0259ksiniz.<\/p>\n<p>Bizim iqtisadiyyat\u0131m\u0131z dayan\u0131ql\u0131 olmal\u0131d\u0131r. \u0130ndiki iqtisadi art\u0131m templ\u0259ri m\u0259ni qane etmir. D\u00fczd\u00fcr, bunun obyektiv s\u0259b\u0259bl\u0259ri var. Haz\u0131rda neftin hasilat\u0131n\u0131n bir q\u0259d\u0259r a\u015fa\u011f\u0131 d\u00fc\u015fm\u0259si n\u0259tic\u0259sind\u0259 \u00fcmumi daxili m\u0259hsulda m\u00fc\u0259yy\u0259n d\u0259r\u0259c\u0259d\u0259 yava\u015f\u0131ma var. Ancaq doqquz ayda \u00fcmumi daxili m\u0259hsul 2,5 faiz art\u0131b, amma qeyri-neft sektorunda 3,5 faiz. Hesab edir\u0259m ki, bu, pis g\u00f6st\u0259rici deyil. Ancaq bizi qane etmir. D\u00fczd\u00fcr, k\u0259nd t\u0259s\u0259rr\u00fcfat\u0131 7 faizd\u0259n \u00e7ox, qeyri-neft s\u0259nayesi 15 faizd\u0259n \u00e7ox art\u0131b. Bu, \u00e7ox m\u00fcsb\u0259t hallard\u0131r. Ancaq biz el\u0259 etm\u0259liyik ki, bu inki\u015faf dayan\u0131ql\u0131 olsun. Buna nail olmaq \u00fc\u00e7\u00fcn bundan sonra da \u00e7ox ciddi islahatlar apar\u0131lmal\u0131d\u0131r.<\/p>\n<div class=\"AdviadNativeVideo\">\u0130slahatlara alternativ yoxdur. M\u0259n yeni iqtisadi model haqq\u0131nda \u00f6z andi\u00e7m\u0259 m\u0259rasimimd\u0259 fikirl\u0259rimi ifad\u0259 etmi\u015f\u0259m. \u018fsas konturlar o vaxt m\u00fc\u0259yy\u0259n olunub. Ondan sonra apar\u0131lan islahatlar, o c\u00fcml\u0259d\u0259n kadr islahatlar\u0131 bu m\u0259qs\u0259di g\u00fcd\u00fcr. Kadr islahatlar\u0131 lab\u00fcdd\u00fcr, bu, qa\u00e7\u0131lmazd\u0131r. \u00c7\u00fcnki m\u0259n bunu demi\u015f\u0259m, biz XXI \u0259srd\u0259 k\u00f6hn\u0259 t\u0259f\u0259kk\u00fcrl\u0259 u\u011furlara imza ata bilm\u0259rik. \u018flb\u0259tt\u0259, yeni, savadl\u0131, bilikli, m\u00fcasir kadrlar, ilk n\u00f6vb\u0259d\u0259, V\u0259t\u0259n\u0259 ba\u011fl\u0131 olmal\u0131d\u0131rlar, h\u0259r hans\u0131 bir xarici t\u0259sird\u0259n azad olmal\u0131d\u0131rlar v\u0259 v\u0259t\u0259np\u0259rv\u0259r olmal\u0131d\u0131rlar ki, V\u0259t\u0259nin inki\u015faf\u0131 \u00fc\u00e7\u00fcn \u00f6z s\u0259yl\u0259rini g\u00f6st\u0259r\u0259 bilsinl\u0259r.<\/div>\n<p>\u018fsas v\u0259zif\u0259l\u0259r bundan ibar\u0259tdir. Dey\u0259 bil\u0259r\u0259m ki, islahatlar yax\u015f\u0131 n\u0259tic\u0259l\u0259r verir. Bu ilin doqquz ay\u0131nda 100 mind\u0259n \u00e7ox \u0259m\u0259k m\u00fcqavil\u0259si qeydiyyata al\u0131nd\u0131. Y\u0259ni, bu, n\u0259 dem\u0259kdir? Y\u0259ni, bu y\u00fcz min insan k\u00f6lg\u0259 iqtisadiyyat\u0131nda f\u0259aliyy\u0259t g\u00f6st\u0259rirdi. Onlar z\u0259rfl\u0259rd\u0259 maa\u015f al\u0131rd\u0131lar. B\u0259zi hallarda onlara yaz\u0131lan a\u015fa\u011f\u0131 maa\u015f reall\u0131\u011f\u0131 \u0259ks etdirmirdi. Bu, bizim iqtisadiyyat\u0131m\u0131z\u0131 t\u0259hl\u00fck\u0259 alt\u0131na qoyur. Bir d\u0259 ki, bu insanlar g\u0259l\u0259c\u0259kd\u0259 pensiyaya \u00e7\u0131xacaqlar. B\u0259s onlar\u0131n pensiya haqq\u0131 n\u0259yin hesab\u0131na hesablanacaq? Ona g\u00f6r\u0259 m\u0259n, o c\u00fcml\u0259d\u0259n muzdla i\u015fl\u0259y\u0259n v\u0259t\u0259nda\u015flara da \u00fcz tutub deyir\u0259m: bu i\u015fl\u0259r\u0259 ba\u015f qo\u015fmay\u0131n. \u018fg\u0259r hans\u0131sa sahibkar siz\u0259 tutaq ki, 500 manat maa\u015f verirs\u0259 v\u0259 onun 250 manat\u0131n\u0131 r\u0259smi qaydada verirs\u0259, siz buna raz\u0131 olmay\u0131n. \u00c7\u00fcnki sabah pensiya almayacaqs\u0131n\u0131z. Sosial s\u0131\u011forta problemi olacaq. Biz indi icbari tibbi s\u0131\u011fortaya ke\u00e7irik. Orada da problem yaranacaq. \u018flb\u0259tt\u0259 ki, burada n\u0259zar\u0259t daha g\u00fccl\u00fc olmal\u0131d\u0131r. Hesab edir\u0259m ki, 100 mind\u0259n \u00e7ox i\u015f yerinin r\u0259smil\u0259\u015fdirilm\u0259si il\u0259 bu i\u015f yerl\u0259rini, o c\u00fcml\u0259d\u0259n o sahibkarlar\u0131n f\u0259aliyy\u0259tini biz k\u00f6lg\u0259d\u0259n \u00e7\u0131xar\u0131r\u0131q. Bu i\u015f yerl\u0259rinin 80 faizi qeyri-neft sektorunda qeydiyyata al\u0131n\u0131b. H\u0259l\u0259 ki, \u0259n az\u0131 on minl\u0259rl\u0259 insan indi dem\u0259k olar ki, bir n\u00f6v k\u00f6lg\u0259 iqtisadiyyat\u0131nda f\u0259aliyy\u0259t g\u00f6st\u0259rir.<\/p>\n<p>Ona g\u00f6r\u0259 bu sah\u0259 \u00e7ox ciddi diqq\u0259t t\u0259l\u0259b edir, \u00e7ox ciddi add\u0131mlar at\u0131lmal\u0131d\u0131r. \u018fmin\u0259m ki, \u0130qtisadiyyat Nazirliyi bu m\u0259s\u0259l\u0259nin \u00f6hd\u0259sind\u0259n g\u0259l\u0259c\u0259k. \u00dcmumiyy\u0259tl\u0259, bizim iqtisadi inki\u015faf\u0131m\u0131z bundan sonra da qeyri-neft sektoru hesab\u0131na davam etdirilm\u0259lidir. Buna nail olmaq \u00fc\u00e7\u00fcn son ill\u0259r b\u00f6y\u00fck i\u015fl\u0259r g\u00f6r\u00fcl\u00fcb, s\u0259naye zonalar\u0131 yarad\u0131l\u0131b, orada x\u00fcsusi vergi rejimi t\u0259tbiq olunur. Aqroparklar yarad\u0131l\u0131b v\u0259 orada da m\u0259hsuldarl\u0131q daha y\u00fcks\u0259kdir. Ancaq b\u00fct\u00fcn bu i\u015fl\u0259ri biz, ilk n\u00f6vb\u0259d\u0259, biznesin inki\u015faf\u0131 prizmas\u0131ndan h\u0259ll etm\u0259liyik. Biz \u00e7ox yax\u015f\u0131 bilirik ki, inki\u015faf etmi\u015f \u00f6lk\u0259l\u0259rd\u0259 \u00fcmumi daxili m\u0259hsulda \u0259sas rolu ki\u00e7ik v\u0259 orta sahibkarlar oynay\u0131r. Bizd\u0259 is\u0259 h\u0259l\u0259 ki, bel\u0259 deyil. Biz d\u0259 \u00e7al\u0131\u015fmal\u0131y\u0131q el\u0259 bir \u015f\u0259rait yaradaq ki, h\u0259r bir istedadl\u0131 insan, biznes\u0259 meyli, h\u0259v\u0259si olan h\u0259r bir insan biznesl\u0259 m\u0259\u015f\u011ful ola bilsin, m\u0259mur t\u0259zyiqind\u0259n, m\u00fcdaxil\u0259sind\u0259n azad olsun. Sahibkarlara y\u00f6n\u0259lmi\u015f o \u00e7irkin \u0259ll\u0259r g\u0259r\u0259k k\u0259silsin. B\u0259zi hallarda d\u00f6vl\u0259t m\u0259murlar\u0131, yerli icra orqanlar\u0131n\u0131n r\u0259hb\u0259rl\u0259ri, n\u00fcmay\u0259nd\u0259l\u0259ri imkan vermirl\u0259r, x\u00fcsusil\u0259 b\u00f6lg\u0259l\u0259rd\u0259. \u018fg\u0259r indi kims\u0259 \u00f6z\u00fc \u00fc\u00e7\u00fcn bir balaca i\u015f qurursa, g\u0259lib z\u0259li kimi onun b\u0259d\u0259nind\u0259n yap\u0131\u015f\u0131rlar, qan\u0131n\u0131 sorurlar. Bel\u0259 adamlara qar\u015f\u0131 \u00e7ox ciddi t\u0259dbirl\u0259r g\u00f6r\u00fcl\u0259c\u0259kdir. H\u00fcquq-m\u00fchafiz\u0259 orqanlar\u0131 art\u0131q m\u0259nd\u0259n \u00e7ox ciddi tap\u015f\u0131r\u0131q al\u0131blar v\u0259 siz nazir kimi \u00e7al\u0131\u015fmal\u0131s\u0131n\u0131z ki, bel\u0259 hallara yol verilm\u0259sin, \u0259g\u0259r yol veril\u0259rs\u0259, d\u0259rhal m\u0259ni m\u0259lumatland\u0131r\u0131n. Bel\u0259 yaramaz m\u0259murlara qar\u015f\u0131 \u0259n ciddi sanksiyalar v\u0259 t\u0259dbirl\u0259r g\u00f6r\u00fcl\u0259c\u0259kdir. Ona g\u00f6r\u0259 biz sahibkarlara n\u0259f\u0259s verm\u0259liyik ki, onlar rahat i\u015fl\u0259sinl\u0259r. Vergid\u0259n ba\u015fqa he\u00e7 bir \u00f6d\u0259ni\u015f ola bilm\u0259z.<\/p>\n<p>Eyni zamanda, haqs\u0131z r\u0259qab\u0259t, bu da bizim \u00fc\u00e7\u00fcn b\u00f6y\u00fck yarad\u0131r. Buna t\u0259kan ver\u0259n d\u00f6vl\u0259t m\u0259murlar\u0131d\u0131r, hans\u0131lar\u0131n ki, biznes maraqlar\u0131 var. Onlar \u00f6z imkanlar\u0131ndan istifad\u0259 ed\u0259r\u0259k r\u0259qibl\u0259ri s\u0131radan \u00e7\u0131xar\u0131rlar, b\u0259zi hallarda \u015f\u0259rl\u0259yirl\u0259r. El\u0259 \u015f\u0259rait yarad\u0131rlar ki, onlar m\u0259cbur olub ya biznesl\u0259rini sats\u0131nlar, ya da ki, \u00e7\u0131x\u0131b getsinl\u0259r. Buna da yol verm\u0259k olmaz, he\u00e7 kimd\u0259n \u00e7\u0259kinm\u0259d\u0259n. M\u0259n bilir\u0259m, siz\u0259 nazir kimi, x\u00fcsusil\u0259 Vergil\u0259r naziri kimi, b\u0259zil\u0259ri t\u0259zyiql\u0259r g\u00f6st\u0259rm\u0259y\u0259 \u00e7al\u0131\u015f\u0131rd\u0131lar ki, bizim biznesimiz\u0259 d\u0259ym\u0259. M\u0259n bilir\u0259m ki, siz onlar\u0131n qar\u015f\u0131s\u0131nda \u00e7ox m\u0259tan\u0259tl\u0259 \u00e7\u0131x\u0131\u015f etmi\u015finiz. M\u0259n bunu h\u0259mi\u015f\u0259 d\u0259st\u0259kl\u0259mi\u015f\u0259m v\u0259 siz\u0259 h\u0259mi\u015f\u0259 d\u0259st\u0259k olmu\u015fam. Demi\u015f\u0259m ki, he\u00e7 kim\u0259 baxmadan b\u00fct\u00fcn i\u015fl\u0259r \u0259n y\u00fcks\u0259k s\u0259viyy\u0259d\u0259 g\u00f6r\u00fclm\u0259lidir. He\u00e7 kim he\u00e7 bir imtiyaza sahib ola bilm\u0259z. Bir imtiyaz var: vergini verm\u0259k, V\u0259t\u0259n\u0259 l\u0259yaq\u0259tl\u0259 xidm\u0259t etm\u0259k v\u0259 pozuntulara yol verm\u0259m\u0259k.<\/p>\n<p>Ona g\u00f6r\u0259 sizin qar\u015f\u0131n\u0131zda \u00e7ox b\u00f6y\u00fck v\u0259zif\u0259l\u0259r dayan\u0131r. \u00d6lk\u0259 iqtisadiyyat\u0131n\u0131n dayan\u0131ql\u0131 inki\u015faf\u0131 bizim \u00fc\u00e7\u00fcn haz\u0131rda \u0259sas prioritet m\u0259s\u0259l\u0259dir. Dediyim kimi, bu, imkan ver\u0259c\u0259k ki, biz sosial sah\u0259y\u0259 daha b\u00f6y\u00fck v\u0259sait ay\u0131raq.<\/p>\n<p><strong>Nazir Mikay\u0131l Cabbarov:<\/strong>\u00a0m\u00f6ht\u0259r\u0259m c\u0259nab Prezident, Siz\u0259 d\u0259rin t\u0259\u015f\u0259kk\u00fcr\u00fcm\u00fc bildirir\u0259m. \u0130lk n\u00f6vb\u0259d\u0259, g\u00f6st\u0259rdiyiniz etimada g\u00f6r\u0259 t\u0259\u015f\u0259kk\u00fcr edir\u0259m. M\u0259suliyy\u0259timi tam \u015f\u0259kild\u0259 d\u0259rk edir\u0259m. Sizin r\u0259hb\u0259rliyinizl\u0259 indiy\u0259 q\u0259d\u0259r g\u00f6rd\u00fcy\u00fcm\u00fcz i\u015fl\u0259rd\u0259 \u0259ld\u0259 etdiyimiz nailiyy\u0259tl\u0259r Sizin d\u0259st\u0259yinizin, h\u0259mkarlar\u0131m\u0131n g\u0259rgin i\u015finin n\u0259tic\u0259sidir. Olan \u00e7at\u0131\u015fmazl\u0131qlar is\u0259 m\u0259nim \u00fcz\u0259rim\u0259 d\u00fc\u015f\u0259n m\u0259suliyy\u0259tdir.<\/p>\n<p>F\u0259aliyy\u0259timiz\u0259 verdiyiniz qiym\u0259t m\u0259nim \u00fc\u00e7\u00fcn \u0259n b\u00f6y\u00fck \u015f\u0259r\u0259fdir. Sizin r\u0259hb\u0259rliyinizl\u0259, h\u0259mkar nazirlik v\u0259 d\u00f6vl\u0259t t\u0259sisatlar\u0131m\u0131zla birlikd\u0259 biz \u00f6lk\u0259mizin dayan\u0131ql\u0131 v\u0259 davaml\u0131 inki\u015faf\u0131n\u0131n, iqtisadi inki\u015faf\u0131n\u0131n t\u0259min edilm\u0259si \u00fc\u00e7\u00fcn Sizin tap\u015f\u0131rd\u0131\u011f\u0131n\u0131z prinsipl\u0259r \u0259sas g\u00f6t\u00fcr\u00fclm\u0259kl\u0259 f\u0259aliyy\u0259t g\u00f6st\u0259r\u0259c\u0259yik. S\u00f6z verir\u0259m ki, bu m\u0259qs\u0259dl\u0259r \u00fc\u00e7\u00fcn s\u0259yl\u0259rimi \u0259sirg\u0259m\u0259y\u0259c\u0259y\u0259m.<\/p>\n<p>\u0130qtisadiyyat\u0131m\u0131z\u0131n r\u0259qab\u0259tliliyini daim art\u0131rma\u011f\u0131, iqtisadi m\u00fcst\u0259qilliyimizi daim m\u00f6hk\u0259ml\u0259ndirm\u0259yi, iqtisadiyyat\u0131 inki\u015faf etdirm\u0259yi \u0259sas v\u0259zif\u0259m kimi q\u0259bul edir\u0259m. \u0130nan\u0131ram ki, iqtisadiyyat\u0131 inki\u015faf etdirm\u0259k d\u00f6vl\u0259t v\u0259 v\u0259t\u0259nda\u015flar\u0131n g\u0259lirl\u0259rinin v\u0259 imkanlar\u0131n\u0131n art\u0131r\u0131lmas\u0131n\u0131n yegan\u0259 yoludur. Sizin kimi siyasi liderin, m\u00f6ht\u0259r\u0259m c\u0259nab Prezident, h\u00f6kum\u0259tind\u0259 yer tutmaq m\u0259nim \u00fc\u00e7\u00fcn \u0259n b\u00f6y\u00fck \u015f\u0259r\u0259fdir. Bir daha y\u00fcks\u0259k etimad\u0131n\u0131za g\u00f6r\u0259 Siz\u0259 d\u0259rin t\u0259\u015f\u0259kk\u00fcr\u00fcm\u00fc bildirm\u0259k ist\u0259yir\u0259m.<\/p>\n<p><strong>Prezident \u0130lham \u018fliyev:<\/strong>\u00a0Sa\u011f olun. Siz\u0259 u\u011furlar arzulay\u0131ram. \u018fmin\u0259m ki, n\u0259tic\u0259l\u0259r yax\u015f\u0131 olacaq.<strong>Media<span style=\"color: #ff0000;\">Zona<\/span>.Az<\/strong><\/p>\n","protected":false},"excerpt":{"rendered":"<p>Az\u0259rbaycan Respublikas\u0131n\u0131n Prezidenti \u0130lham \u018fliyev oktyabr\u0131n 23-d\u0259 Mikay\u0131l Cabbarovu yeni v\u0259zif\u0259y\u0259 &#8211; \u0130qtisadiyyat naziri t\u0259yin olunmas\u0131 il\u0259 \u0259laq\u0259dar q\u0259bul edib. Prezident\u00a0\u0130lham \u018fliyev\u00a0dedi: -M\u0259n q\u0259rara g\u0259ldim ki, sizi \u0130qtisadiyyat naziri v\u0259zif\u0259sin\u0259&hellip;<\/p>\n","protected":false},"author":2,"featured_media":12760,"comment_status":"open","ping_status":"open","sticky":false,"template":"","format":"standard","meta":{"footnotes":""},"categories":[25,24,1],"tags":[],"class_list":["post-12759","post","type-post","status-publish","format-standard","has-post-thumbnail","hentry","category-gundm","category-manset","category-xbr-xtti"],"_links":{"self":[{"href":"https:\/\/mediazona.az\/index.php?rest_route=\/wp\/v2\/posts\/12759","targetHints":{"allow":["GET"]}}],"collection":[{"href":"https:\/\/mediazona.az\/index.php?rest_route=\/wp\/v2\/posts"}],"about":[{"href":"https:\/\/mediazona.az\/index.php?rest_route=\/wp\/v2\/types\/post"}],"author":[{"embeddable":true,"href":"https:\/\/mediazona.az\/index.php?rest_route=\/wp\/v2\/users\/2"}],"replies":[{"embeddable":true,"href":"https:\/\/mediazona.az\/index.php?rest_route=%2Fwp%2Fv2%2Fcomments&post=12759"}],"version-history":[{"count":1,"href":"https:\/\/mediazona.az\/index.php?rest_route=\/wp\/v2\/posts\/12759\/revisions"}],"predecessor-version":[{"id":12761,"href":"https:\/\/mediazona.az\/index.php?rest_route=\/wp\/v2\/posts\/12759\/revisions\/12761"}],"wp:featuredmedia":[{"embeddable":true,"href":"https:\/\/mediazona.az\/index.php?rest_route=\/wp\/v2\/media\/12760"}],"wp:attachment":[{"href":"https:\/\/mediazona.az\/index.php?rest_route=%2Fwp%2Fv2%2Fmedia&parent=12759"}],"wp:term":[{"taxonomy":"category","embeddable":true,"href":"https:\/\/mediazona.az\/index.php?rest_route=%2Fwp%2Fv2%2Fcategories&post=12759"},{"taxonomy":"post_tag","embeddable":true,"href":"https:\/\/mediazona.az\/index.php?rest_route=%2Fwp%2Fv2%2Ftags&post=12759"}],"curies":[{"name":"wp","href":"https:\/\/api.w.org\/{rel}","templated":true}]}}