{"id":12747,"date":"2019-10-22T21:48:11","date_gmt":"2019-10-22T17:48:11","guid":{"rendered":"http:\/\/mediazona.az\/?p=12747"},"modified":"2019-10-22T21:48:11","modified_gmt":"2019-10-22T17:48:11","slug":"marneulid%c9%99-yasayan-soydaslarimiz-ucun-moht%c9%99s%c9%99m-konsert-t%c9%99skil-olunub","status":"publish","type":"post","link":"https:\/\/mediazona.az\/?p=12747","title":{"rendered":"Marneulid\u0259 ya\u015fayan soyda\u015flar\u0131m\u0131z \u00fc\u00e7\u00fcn m\u00f6ht\u0259\u015f\u0259m konsert t\u0259\u015fkil olunub"},"content":{"rendered":"<div id=\"selectedtext2\">\n<div id=\"selectedtext3\">\n<p>Heyd\u0259r \u018fliyev Fondu, Az\u0259rbaycan Respublikas\u0131n\u0131n Diasporla \u0130\u015f \u00fczr\u0259 D\u00f6vl\u0259t Komit\u0259si v\u0259 Az\u0259rbaycan\u0131n G\u00fcrc\u00fcstandak\u0131 s\u0259firliyinin birg\u0259 t\u0259\u015fkilat\u00e7\u0131l\u0131\u011f\u0131 il\u0259 oktyabr\u0131n 21-d\u0259 Marneuli \u015f\u0259h\u0259rind\u0259ki \u201cG\u00fcrc\u00fcstan Az\u0259rbaycanl\u0131lar\u0131n\u0131n \u0130nteqrasiya M\u0259rk\u0259zi\u201dnd\u0259 maraql\u0131 konsert t\u0259\u015fkil olunub.<\/p>\n<p>Konsert Az\u0259rbaycan Respublikas\u0131n\u0131n 18 oktyabr \u2013 D\u00f6vl\u0259t M\u00fcst\u0259qilliyi G\u00fcn\u00fcn\u0259 h\u0259sr olunub. T\u0259dbird\u0259 s\u0259fir Dursun H\u0259s\u0259nov \u00e7\u0131x\u0131\u015f edib v\u0259 konsertin t\u0259\u015fkilin\u0259 g\u00f6st\u0259rdiyi d\u0259st\u0259y\u0259 g\u00f6r\u0259 Birinci vitse-prezident Mehriban xan\u0131m \u018fliyevaya minn\u0259tdarl\u0131\u011f\u0131n\u0131 bildirib.<\/p>\n<p>Diplomat Az\u0259rbaycan\u0131n m\u00fcst\u0259qillik tarixin\u0259 n\u0259z\u0259r sal\u0131b, ulu \u00f6nd\u0259r H.\u018fliyevin siyasi kursundan v\u0259 bu g\u00fcn h\u0259min siyasi kursun u\u011furla davam etdirilm\u0259si n\u0259tic\u0259sind\u0259 \u00f6lk\u0259mizin daha q\u00fcdr\u0259tli d\u00f6vl\u0259t\u0259 \u00e7evrilm\u0259sind\u0259n dan\u0131\u015f\u0131b.<\/p>\n<p>Daha sonra Kvemo Kartli b\u00f6lg\u0259sinin qubernatoru \u015eota Rexvia\u015fvili, G\u00fcrc\u00fcstan\u0131n Bar\u0131\u015f\u0131q v\u0259 V\u0259t\u0259nda\u015f B\u0259rab\u0259rliyi \u00fczr\u0259 D\u00f6vl\u0259t Nazirliyi aparat\u0131n\u0131n r\u0259hb\u0259ri Tina Qogeliani, G\u00fcrc\u00fcstan parlamentinin deputat\u0131 Mahir D\u0259rziyev v\u0259 ba\u015fqalar\u0131 \u00e7\u0131x\u0131\u015f ed\u0259r\u0259k Az\u0259rbaycan xalq\u0131n\u0131 bayram m\u00fcnasib\u0259til\u0259 t\u0259brik edibl\u0259r.<\/p>\n<p>T\u0259dbir i\u015ftirak\u00e7\u0131lar\u0131na maraql\u0131 konsert proqram\u0131 t\u0259qdim olunub. \u201cNatiq ritm qrupu\u201d v\u0259 dig\u0259r musiqi\u00e7il\u0259rin \u00e7\u0131x\u0131\u015flar\u0131 alq\u0131\u015flarla qar\u015f\u0131lan\u0131b. Az\u0259rbaycan\u0131n xalq v\u0259 b\u0259st\u0259kar mahn\u0131lar\u0131, milli musiqi v\u0259 saz havas\u0131 yerli sakinl\u0259rd\u0259 xo\u015f t\u0259\u0259ss\u00fcrat yarad\u0131b.<br \/>\nPaytaxt Tbilisi v\u0259 Rustavi \u015f\u0259h\u0259rl\u0259rind\u0259n, el\u0259c\u0259 d\u0259, qon\u015fu Bolnisi, Qardabani, Dmanisi rayonlar\u0131ndan da xeyli sayda az\u0259rbaycanl\u0131 Marneuliy\u0259 g\u0259lib.<strong>Media<span style=\"color: #ff0000;\">Zona<\/span>.Az<\/strong><\/p>\n<\/div>\n<\/div>\n<section class=\"gallery_area\">\n<div class=\"container\">\n<div class=\"col-md-7\">\n<div class=\"left_gallery_area\">\n<h3 class=\"single_title\"><\/h3>\n<div class=\"l_gallery_inner zoom-gallery\">\n<div class=\"l_gallery_item\"><a href=\"http:\/\/diaspor.gov.az\/xeberler\/2019\/fotos\/2210\/1.jpg\"><img decoding=\"async\" src=\"http:\/\/diaspor.gov.az\/xeberler\/2019\/fotos\/2210\/1.jpg\" alt=\"\" \/><\/a><\/div>\n<div class=\"l_gallery_item\"><a href=\"http:\/\/diaspor.gov.az\/xeberler\/2019\/fotos\/2210\/2.jpg\"><img decoding=\"async\" src=\"http:\/\/diaspor.gov.az\/xeberler\/2019\/fotos\/2210\/2.jpg\" alt=\"\" \/><\/a><\/div>\n<div class=\"l_gallery_item\"><a href=\"http:\/\/diaspor.gov.az\/xeberler\/2019\/fotos\/2210\/3.jpg\"><img decoding=\"async\" src=\"http:\/\/diaspor.gov.az\/xeberler\/2019\/fotos\/2210\/3.jpg\" alt=\"\" \/><\/a><\/div>\n<div class=\"l_gallery_item\"><a href=\"http:\/\/diaspor.gov.az\/xeberler\/2019\/fotos\/2210\/4.jpg\"><img decoding=\"async\" src=\"http:\/\/diaspor.gov.az\/xeberler\/2019\/fotos\/2210\/4.jpg\" alt=\"\" \/><\/a><\/div>\n<div class=\"l_gallery_item\"><a href=\"http:\/\/diaspor.gov.az\/xeberler\/2019\/fotos\/2210\/5.jpg\"><img decoding=\"async\" src=\"http:\/\/diaspor.gov.az\/xeberler\/2019\/fotos\/2210\/5.jpg\" alt=\"\" \/><\/a><\/div>\n<div class=\"l_gallery_item\"><a href=\"http:\/\/diaspor.gov.az\/xeberler\/2019\/fotos\/2210\/6.jpg\"><img decoding=\"async\" src=\"http:\/\/diaspor.gov.az\/xeberler\/2019\/fotos\/2210\/6.jpg\" alt=\"\" \/><\/a><\/div>\n<div class=\"l_gallery_item\"><a href=\"http:\/\/diaspor.gov.az\/xeberler\/2019\/fotos\/2210\/7.jpg\"><img decoding=\"async\" src=\"http:\/\/diaspor.gov.az\/xeberler\/2019\/fotos\/2210\/7.jpg\" alt=\"\" \/><\/a><\/div>\n<div class=\"l_gallery_item\"><a href=\"http:\/\/diaspor.gov.az\/xeberler\/2019\/fotos\/2210\/8.jpg\"><img decoding=\"async\" src=\"http:\/\/diaspor.gov.az\/xeberler\/2019\/fotos\/2210\/8.jpg\" alt=\"\" \/><\/a><\/div>\n<div class=\"l_gallery_item\"><a href=\"http:\/\/diaspor.gov.az\/xeberler\/2019\/fotos\/2210\/9.jpg\"><img decoding=\"async\" src=\"http:\/\/diaspor.gov.az\/xeberler\/2019\/fotos\/2210\/9.jpg\" alt=\"\" \/><\/a><\/div>\n<div class=\"l_gallery_item\"><a href=\"http:\/\/diaspor.gov.az\/xeberler\/2019\/fotos\/2210\/10.jpg\"><img decoding=\"async\" src=\"http:\/\/diaspor.gov.az\/xeberler\/2019\/fotos\/2210\/10.jpg\" alt=\"\" \/><\/a><\/div>\n<\/div>\n<\/div>\n<\/div>\n<\/div>\n<\/section>\n","protected":false},"excerpt":{"rendered":"<p>Heyd\u0259r \u018fliyev Fondu, Az\u0259rbaycan Respublikas\u0131n\u0131n Diasporla \u0130\u015f \u00fczr\u0259 D\u00f6vl\u0259t Komit\u0259si v\u0259 Az\u0259rbaycan\u0131n G\u00fcrc\u00fcstandak\u0131 s\u0259firliyinin birg\u0259 t\u0259\u015fkilat\u00e7\u0131l\u0131\u011f\u0131 il\u0259 oktyabr\u0131n 21-d\u0259 Marneuli \u015f\u0259h\u0259rind\u0259ki \u201cG\u00fcrc\u00fcstan Az\u0259rbaycanl\u0131lar\u0131n\u0131n \u0130nteqrasiya M\u0259rk\u0259zi\u201dnd\u0259 maraql\u0131 konsert t\u0259\u015fkil olunub. Konsert&hellip;<\/p>\n","protected":false},"author":2,"featured_media":12748,"comment_status":"open","ping_status":"open","sticky":false,"template":"","format":"standard","meta":{"footnotes":""},"categories":[24,4,1],"tags":[],"class_list":["post-12747","post","type-post","status-publish","format-standard","has-post-thumbnail","hentry","category-manset","category-siyast","category-xbr-xtti"],"_links":{"self":[{"href":"https:\/\/mediazona.az\/index.php?rest_route=\/wp\/v2\/posts\/12747","targetHints":{"allow":["GET"]}}],"collection":[{"href":"https:\/\/mediazona.az\/index.php?rest_route=\/wp\/v2\/posts"}],"about":[{"href":"https:\/\/mediazona.az\/index.php?rest_route=\/wp\/v2\/types\/post"}],"author":[{"embeddable":true,"href":"https:\/\/mediazona.az\/index.php?rest_route=\/wp\/v2\/users\/2"}],"replies":[{"embeddable":true,"href":"https:\/\/mediazona.az\/index.php?rest_route=%2Fwp%2Fv2%2Fcomments&post=12747"}],"version-history":[{"count":1,"href":"https:\/\/mediazona.az\/index.php?rest_route=\/wp\/v2\/posts\/12747\/revisions"}],"predecessor-version":[{"id":12749,"href":"https:\/\/mediazona.az\/index.php?rest_route=\/wp\/v2\/posts\/12747\/revisions\/12749"}],"wp:featuredmedia":[{"embeddable":true,"href":"https:\/\/mediazona.az\/index.php?rest_route=\/wp\/v2\/media\/12748"}],"wp:attachment":[{"href":"https:\/\/mediazona.az\/index.php?rest_route=%2Fwp%2Fv2%2Fmedia&parent=12747"}],"wp:term":[{"taxonomy":"category","embeddable":true,"href":"https:\/\/mediazona.az\/index.php?rest_route=%2Fwp%2Fv2%2Fcategories&post=12747"},{"taxonomy":"post_tag","embeddable":true,"href":"https:\/\/mediazona.az\/index.php?rest_route=%2Fwp%2Fv2%2Ftags&post=12747"}],"curies":[{"name":"wp","href":"https:\/\/api.w.org\/{rel}","templated":true}]}}